{"id":35,"date":"2018-06-08T21:10:43","date_gmt":"2018-06-08T21:10:43","guid":{"rendered":"https:\/\/archline.ch\/?p=35"},"modified":"2018-06-08T21:10:43","modified_gmt":"2018-06-08T21:10:43","slug":"35","status":"publish","type":"post","link":"https:\/\/architurlinie.ch\/?p=35","title":{"rendered":"9. La renovation \u00e0 Plan-les-Ouates"},"content":{"rendered":"<p>La vielle ferme de la famille Roiron est devenu en 2005 \u00abMaison des arts et de la culture\u00bb de Plan-des-Ouattes. En 2011, la r\u00e9novation de la \u00abMaison des arts et de la culture\u00bb a inclus le r\u00e9\u00e9quipement et la reconstruction de la zone de la cuisine, la conception de l&rsquo;avant-toit, l&rsquo;organisation du vide-ordures et du d\u00e9p\u00f4t pour l&rsquo;\u00e9quipement et les meubles de la terrasse d&rsquo;\u00e9t\u00e9.<\/p>\n<div id='gallery-1' class='gallery galleryid-35 gallery-columns-4 gallery-size-thumbnail'><figure class='gallery-item'>\n\t\t\t<div class='gallery-icon landscape'>\n\t\t\t\t<a href='https:\/\/architurlinie.ch\/?attachment_id=395'><img loading=\"lazy\" decoding=\"async\" width=\"150\" height=\"150\" src=\"https:\/\/architurlinie.ch\/wp-content\/uploads\/2018\/06\/La-Julienne-2-150x150.jpg\" class=\"attachment-thumbnail size-thumbnail\" alt=\"\" aria-describedby=\"gallery-1-395\" \/><\/a>\n\t\t\t<\/div>\n\t\t\t\t<figcaption class='wp-caption-text gallery-caption' id='gallery-1-395'>\n\t\t\t\tVue de la terrasse \n\t\t\t\t<\/figcaption><\/figure>\n\t\t<\/div>\n\n","protected":false},"excerpt":{"rendered":"<p>La vielle ferme de la famille Roiron est devenu en 2005 \u00abMaison des arts et de la culture\u00bb de Plan-des-Ouattes. En 2011, la r\u00e9novation de la \u00abMaison des arts et de la culture\u00bb a inclus le r\u00e9\u00e9quipement et la reconstruction de la zone de la cuisine, la conception de l&rsquo;avant-toit,&hellip;<\/p>\n<p class=\"more-link-wrapper\"><a class=\"more-link\" href=\"https:\/\/architurlinie.ch\/?p=35\"><span class=\"fa fa-mail-forward read-more-icon\"><\/span><span class=\"screen-reader-text\">Read More<\/span><\/a><\/p>\n","protected":false},"author":1,"featured_media":109,"comment_status":"closed","ping_status":"closed","sticky":false,"template":"","format":"image","meta":{"footnotes":""},"categories":[3],"tags":[],"class_list":["post-35","post","type-post","status-publish","format-image","has-post-thumbnail","hentry","category-image-post","post_format-post-format-image"],"_links":{"self":[{"href":"https:\/\/architurlinie.ch\/index.php?rest_route=\/wp\/v2\/posts\/35","targetHints":{"allow":["GET"]}}],"collection":[{"href":"https:\/\/architurlinie.ch\/index.php?rest_route=\/wp\/v2\/posts"}],"about":[{"href":"https:\/\/architurlinie.ch\/index.php?rest_route=\/wp\/v2\/types\/post"}],"author":[{"embeddable":true,"href":"https:\/\/architurlinie.ch\/index.php?rest_route=\/wp\/v2\/users\/1"}],"replies":[{"embeddable":true,"href":"https:\/\/architurlinie.ch\/index.php?rest_route=%2Fwp%2Fv2%2Fcomments&post=35"}],"version-history":[{"count":0,"href":"https:\/\/architurlinie.ch\/index.php?rest_route=\/wp\/v2\/posts\/35\/revisions"}],"wp:featuredmedia":[{"embeddable":true,"href":"https:\/\/architurlinie.ch\/index.php?rest_route=\/wp\/v2\/media\/109"}],"wp:attachment":[{"href":"https:\/\/architurlinie.ch\/index.php?rest_route=%2Fwp%2Fv2%2Fmedia&parent=35"}],"wp:term":[{"taxonomy":"category","embeddable":true,"href":"https:\/\/architurlinie.ch\/index.php?rest_route=%2Fwp%2Fv2%2Fcategories&post=35"},{"taxonomy":"post_tag","embeddable":true,"href":"https:\/\/architurlinie.ch\/index.php?rest_route=%2Fwp%2Fv2%2Ftags&post=35"}],"curies":[{"name":"wp","href":"https:\/\/api.w.org\/{rel}","templated":true}]}}